{"id":971,"date":"2025-10-24T21:41:32","date_gmt":"2025-10-24T19:41:32","guid":{"rendered":"https:\/\/www.planen-netze-beutel.de\/blog\/?p=971"},"modified":"2026-01-19T20:52:00","modified_gmt":"2026-01-19T19:52:00","slug":"plane-befestigen-welche-randgestaltung-ist-die-richtige","status":"publish","type":"post","link":"https:\/\/www.planen-netze-beutel.de\/blog\/plane-befestigen-welche-randgestaltung-ist-die-richtige\/","title":{"rendered":"Plane befestigen \u2013 Welche Randgestaltung ist die richtige?"},"content":{"rendered":"\n<p>Die Plane befestigen \u2013 hierbei spielt der Rand einer Plane eine gro\u00dfe Rolle. Und zwar bereits bei der Gestaltung und Konfiguration. Wir stellen Ihnen in unserem Beitrag die unterschiedlichen M\u00f6glichkeiten einer Randgestaltung vor. Gleichzeitig erkl\u00e4ren wir, was eine Schnittkante ist, warum es verschiedene \u00d6sen gibt oder was der Vorteil eines Saums ist.<\/p>\n\n\n\n<figure class=\"wp-block-image size-full\"><img loading=\"lazy\" decoding=\"async\" width=\"800\" height=\"533\" src=\"https:\/\/www.planen-netze-beutel.de\/blog\/wp-content\/uploads\/2021\/12\/kubulus_blog_planen_randgestaltung_titelbild_800x533.jpg\" alt=\"Die Plane befestigen - hier kommt es auf die Randgestaltung an. W\u00e4hlen Sie zwischen Keder und \u00d6sen. \" class=\"wp-image-972\" srcset=\"https:\/\/www.planen-netze-beutel.de\/blog\/wp-content\/uploads\/2021\/12\/kubulus_blog_planen_randgestaltung_titelbild_800x533.jpg 800w, https:\/\/www.planen-netze-beutel.de\/blog\/wp-content\/uploads\/2021\/12\/kubulus_blog_planen_randgestaltung_titelbild_800x533-300x200.jpg 300w, https:\/\/www.planen-netze-beutel.de\/blog\/wp-content\/uploads\/2021\/12\/kubulus_blog_planen_randgestaltung_titelbild_800x533-768x512.jpg 768w, https:\/\/www.planen-netze-beutel.de\/blog\/wp-content\/uploads\/2021\/12\/kubulus_blog_planen_randgestaltung_titelbild_800x533-390x260.jpg 390w\" sizes=\"auto, (max-width: 800px) 100vw, 800px\" \/><figcaption class=\"wp-element-caption\"><em>Die Plane befestigen \u2013 mit der passenden Randgestaltung und dem richtigen Befestigungsmaterial ist das kein Problem. Ob Sie sich aber f\u00fcr eine Plane mit Keder, f\u00fcr eine Abdeckplane mit \u00d6sen oder doch f\u00fcr eine andere Randgestaltung entscheiden, h\u00e4ngt vom Einsatzzweck ab.<\/em><\/figcaption><\/figure>\n\n\n\n<h2 class=\"wp-block-heading\">Der Rand einer Plane: Notwendig f\u00fcr die professionelle Befestigung<\/h2>\n\n\n\n<p class=\"has-drop-cap\">Eine Plane kann verschiedene Einsatzzwecke erf\u00fcllen. Sei es als sch\u00fctzende Abdeckung vor N\u00e4sse und K\u00e4lte oder vor Schmutz, Wind und Sonne. Und auch als <a href=\"https:\/\/www.planen-netze-beutel.de\/blog\/warum-ein-sonnensegel-das-sind-die-vorteile\/\" target=\"_blank\" rel=\"noreferrer noopener\">Sonnensegel<\/a>, Regenunterstand und als <a href=\"https:\/\/www.planen-netze-beutel.de\/blog\/terrassenplane-nach-mass\/\" target=\"_blank\" rel=\"noreferrer noopener\">Wetterschutz von Terrasse<\/a>, <a href=\"https:\/\/www.planen-netze-beutel.de\/blog\/carportplane\/\" target=\"_blank\" rel=\"noreferrer noopener\">Carport<\/a> oder Pool kommen <a href=\"https:\/\/www.planen-netze-beutel.de\/c\/pvc-planen-nach-mass\" target=\"_blank\" rel=\"noreferrer noopener\">PVC Planen<\/a> zum Einsatz. Doch damit Ihre neue Plane ihren Zweck auch zuverl\u00e4ssig erf\u00fcllt, muss sie fachgerecht angebracht und befestigt werden.<\/p>\n\n\n\n<h3 class=\"wp-block-heading\">Die Plane befestigen zu jeder Jahreszeit<\/h3>\n\n\n\n<p>Gerade im Herbst und Winter kommen <a href=\"https:\/\/www.planen-netze-beutel.de\/c\/pvc-planen-nach-mass\" target=\"_blank\" rel=\"noreferrer noopener\">Abdeckplanen<\/a> und &#8211;<a href=\"https:\/\/www.planen-netze-beutel.de\/c\/abdeckhauben-nach-mass\" target=\"_blank\" rel=\"noreferrer noopener\">hauben<\/a> besonders gerne zum Einsatz. Gartenm\u00f6bel werden abgedeckt und winterfest gemacht, das <a href=\"https:\/\/www.planen-netze-beutel.de\/blog\/holz-richtig-abdecken\/\" target=\"_blank\" rel=\"noreferrer noopener\">Brennholz wird mit einer Plane vor N\u00e4sse gesch\u00fctzt<\/a> und auch <a href=\"https:\/\/www.planen-netze-beutel.de\/blog\/pool-abdecken-mit-einer-pvc-poolplane\/\" target=\"_blank\" rel=\"noreferrer noopener\">\u00fcber den Pool wird eine Abdeckung gelegt<\/a>. So verhindern Sie, dass der Wind Bl\u00e4tter hineinweht und dass der Frost im Winter Sch\u00e4den hinterl\u00e4sst.<\/p>\n\n\n\n<p>Aber auch im Sommer finden Planen ihre Anwendung. So sieht man sie in der warmen Jahreszeit oftmals als Sonnensegel, als Terrassenplane, als <a href=\"https:\/\/www.planen-netze-beutel.de\/blog\/so-geht-camping-ihre-kederplane-fuer-den-wohnwagen\/\" target=\"_blank\" rel=\"noreferrer noopener\">Vorzelt am Campingwagen<\/a> oder als Veranstaltungszelt. Letztendlich aber haben PVC Planen, also Planen aus einem strapazierf\u00e4higen Kunststoff, das ganze Jahr \u00fcber Saison.<\/p>\n\n\n\n<p>Ganz egal, wann und wie Ihre Plane zum Einsatz kommt, die Frage nach der Planenbefestigung und dem Befestigungsmaterial darf nicht vernachl\u00e4ssigt werden. Sie ist sogar ausschlaggebend. Denn was bringt eine Plane in h\u00f6chster Qualit\u00e4t, wenn sie verrutscht oder nicht h\u00e4lt?<\/p>\n\n\n\n<p>Um den Wunschgegenstand effizient und qualitativ hochwertig abzudecken, muss die Plane richtig angebracht werden. Machen Sie sich deswegen bereits bei der Gestaltung Ihrer neuen Plane Gedanken dar\u00fcber, wie Sie die Plane befestigen m\u00f6chten.<\/p>\n\n\n\n<h2 class=\"wp-block-heading\">Jetzt die Plane online gestalten und den Rand der Plane ausw\u00e4hlen<\/h2>\n\n\n\n<p class=\"has-drop-cap\">Sie werden sehen, die Wahl der Befestigung f\u00e4llt bereits bei der Konfiguration Ihrer Plane. Im KUBULUS Online-Shop haben Sie zwei M\u00f6glichkeiten, Ihre neue PVC Plane zu bestellen: <\/p>\n\n\n\n<p>Zum einen w\u00e4re da der klassische Weg \u00fcber die Kategorie PVC Planen. Hier w\u00e4hlen Sie die Form, die Farbe und das gew\u00fcnschte Gewebegewicht der Abdeckplane. Sobald Sie das passende Produkt gefunden haben, k\u00f6nnen Sie f\u00fcr jede Seite der PVC Plane eine individuelle Randgestaltung vergeben.<\/p>\n\n\n\n<p><a href=\"https:\/\/www.planen-netze-beutel.de\/c\/pvc-planen-nach-mass\" target=\"_blank\" rel=\"noreferrer noopener\">Jetzt PVC Plane bestellen &gt;&gt;<\/a><\/p>\n\n\n\n<p><p>Zum anderen haben Sie die M\u00f6glichkeit, Ihre neue Plane \u00fcber den <a href=\"https:\/\/konfigurator.planen-netze-beutel.de\/\" target=\"_blank\" rel=\"noreferrer noopener\">Planen-Konfigurator<\/a> zu gestalten. Mit dem Konfigurator gestalten Sie Ihre individuelle Abdeckplane ganz einfach und in nur wenigen Schritten online. Unabh\u00e4ngig von Zeit und Ort. <\/p><p class=\"has-drop-cap\"><br><br><iframe loading=\"lazy\" width=\"693\" height=\"315\" src=\"https:\/\/www.youtube-nocookie.com\/embed\/O1e_zGh9BW0?si=pEuTuMn_zhhLnxN6\" title=\"YouTube video player\" frameborder=\"0\" allow=\"accelerometer; autoplay; clipboard-write; encrypted-media; gyroscope; picture-in-picture\" allowfullscreen=\"\"><\/iframe><\/p><\/p>\n\n\n\n<p>Und selbstverst\u00e4ndlich ist auch hier die Randgestaltung ein essentieller Auswahlpunkt Ihrer Konfiguration, bei dem die wichtigsten und g\u00e4ngigsten Randgestaltungen enthalten sind. Nachdem Sie die Form gew\u00e4hlt und die Ma\u00dfe eingegeben haben, steht die <a href=\"https:\/\/www.planen-netze-beutel.de\/blog\/welches-material-fuer-meine-plane\/\" target=\"_blank\" rel=\"noreferrer noopener\">Wahl des Materials<\/a> auf dem Programm. Et voil\u00e0 \u2013 bereits der n\u00e4chste Schritt ist die Randgestaltung.<\/p>\n\n\n\n<p><a href=\"https:\/\/konfigurator.planen-netze-beutel.de\/\" target=\"_blank\" rel=\"noreferrer noopener\">Jetzt PVC Plane konfigurieren &gt;&gt;<\/a><\/p>\n\n\n\n<h2 class=\"wp-block-heading\">Diese Randgestaltung ist f\u00fcr Ihren Einsatzzweck geeignet<\/h2>\n\n\n\n<p class=\"has-drop-cap\">Im KUBULUS Online-Shop haben Sie die Wahl zwischen verschiedenen Randgestaltungen. Aber welche ist die passende? Das kommt auf Ihre gew\u00fcnschte Befestigungsart und den Einsatz der Plane an.<\/p>\n\n\n\n<h3 class=\"wp-block-heading\">Plane mit Schnittkante<\/h3>\n\n\n\n<p>Im Gegensatz zu <a href=\"https:\/\/www.planen-netze-beutel.de\/Netze-nach-Mass\" target=\"_blank\" rel=\"noreferrer noopener\">Netzen<\/a> k\u00f6nnen Planen auch hervorragend mit einer einfachen Schnittkante produziert werden. Hierbei wird das Rohmaterial einfach auf die gew\u00fcnschte Gr\u00f6\u00dfe zurechtgeschnitten.<\/p>\n\n\n\n<p>Planen mit Schnittkanten haben daher am Rand einen geraden Cut und keine Besonderheiten. Sie fragen sich sicher, ob die Plane dann nicht ausfranst. Nein, das Material franst nicht aus, kann aber auf Dauer Fl\u00fcssigkeit einziehen. Dies f\u00fchrt zu unsch\u00f6nen Schlieren im Randbereich. Doch keine Sorge, dies hat keinen Einfluss auf die Haltbarkeit Ihrer Abdeckplane.<\/p>\n\n\n\n<p>Wie befestigt man aber nun eine Plane mit Schnittkante? Sie k\u00f6nnen die Abdeckung beispielsweise \u00fcber einen Gegenstand legen und mit Steinen, <a href=\"https:\/\/www.planen-netze-beutel.de\/sandsaecke\" target=\"_blank\" rel=\"noreferrer noopener\">Sands\u00e4cken<\/a> oder alten Autoreifen beschweren.<\/p>\n\n\n\n<p><strong>Der Vorteil:<\/strong> Die Plane ist vielseitig einsetzbar und kann auch bei anderen Gegenst\u00e4nden wiederverwendet werden.<\/p>\n\n\n<div class=\"wp-block-image is-resized\">\n<figure class=\"aligncenter size-medium\"><img loading=\"lazy\" decoding=\"async\" width=\"300\" height=\"300\" src=\"https:\/\/www.planen-netze-beutel.de\/blog\/wp-content\/uploads\/2021\/12\/kubulus_blog_planen_randgestaltung_schnittkante_800x800-300x300.jpg\" alt=\"Eine Plane mit Schnittkante.\" class=\"wp-image-973\" srcset=\"https:\/\/www.planen-netze-beutel.de\/blog\/wp-content\/uploads\/2021\/12\/kubulus_blog_planen_randgestaltung_schnittkante_800x800-300x300.jpg 300w, https:\/\/www.planen-netze-beutel.de\/blog\/wp-content\/uploads\/2021\/12\/kubulus_blog_planen_randgestaltung_schnittkante_800x800-150x150.jpg 150w, https:\/\/www.planen-netze-beutel.de\/blog\/wp-content\/uploads\/2021\/12\/kubulus_blog_planen_randgestaltung_schnittkante_800x800-768x768.jpg 768w, https:\/\/www.planen-netze-beutel.de\/blog\/wp-content\/uploads\/2021\/12\/kubulus_blog_planen_randgestaltung_schnittkante_800x800-80x80.jpg 80w, https:\/\/www.planen-netze-beutel.de\/blog\/wp-content\/uploads\/2021\/12\/kubulus_blog_planen_randgestaltung_schnittkante_800x800-390x390.jpg 390w, https:\/\/www.planen-netze-beutel.de\/blog\/wp-content\/uploads\/2021\/12\/kubulus_blog_planen_randgestaltung_schnittkante_800x800.jpg 800w\" sizes=\"auto, (max-width: 300px) 100vw, 300px\" \/><figcaption class=\"wp-element-caption\"><em>Plane mit Schnittkante<\/em><\/figcaption><\/figure>\n<\/div>\n\n\n<h3 class=\"wp-block-heading\">Plane mit Saum<\/h3>\n\n\n\n<p>Im Gegensatz zu einer normalen Schnittkante wird bei einem Saum ein verst\u00e4rkter Rand gebildet. Hierbei werden etwa 4 cm des Materials umgeklappt und verschwei\u00dft oder vern\u00e4ht. Optisch wirken Planen mit Saum hochwertiger, da N\u00e4sse und Feuchtigkeit weniger Abnutzungsspuren am Rand hinterlassen.<\/p>\n\n\n\n<h3 class=\"wp-block-heading\">Abdeckplane mit \u00d6sen<\/h3>\n\n\n\n<p>Eine Abdeckplane mit \u00d6sen kann hervorragend als Sichtschutz oder als Vorhang eingesetzt werden. Bei dieser Randgestaltung werden in den Saum der Plane beliebig viele \u00d6sen \u2013 ganz nach Ihren individuellen W\u00fcnschen \u2013 angebracht.&nbsp;Befestigen Sie die Plane ganz einfach mit Haken \u2013 sogenannten Karabinerhaken oder Befestigungshaken \u2013 und schon kann die Plane tempor\u00e4r oder dauerhaft aufgeh\u00e4ngt werden. Auch die Befestigung mit einem <a href=\"https:\/\/www.planen-netze-beutel.de\/p\/expanderseil-meterware\" target=\"_blank\" rel=\"noreferrer noopener\">Expanderseil <\/a>oder Kabelbinder ist m\u00f6glich.<\/p>\n\n\n\n<p>Eine Abdeckplane mit \u00d6sen muss aber nicht zwingend h\u00e4ngend zum Einsatz kommen. Das Einsatzgebiet ist vielf\u00e4ltig. Sie kann auch mithilfe von <a href=\"https:\/\/www.planen-netze-beutel.de\/expanderseil-2-spiralhaken_7\" target=\"_blank\" rel=\"noreferrer noopener\">Planenspannern<\/a>, die durch die \u00d6sen geschlauft werden, \u00fcber einen gew\u00fcnschten Gegenstand abgespannt werden.<\/p>\n\n\n\n<p>Auch bei Container- oder Anh\u00e4nger-Planen, bei Abdeckhauben oder bei Abdeckplanen f\u00fcr Swimmingpools greift man gerne auf \u00d6sen zur\u00fcck. Die Befestigung erfolgt beispielsweise durch ein Gummiband.<\/p>\n\n\n\n<p>Verschiedene dieser Hilfsmittel finden Sie im KUBULUS Online-Shop beim <a href=\"https:\/\/www.planen-netze-beutel.de\/zubehoer\/\" target=\"_blank\" rel=\"noreferrer noopener\">Planenzubeh\u00f6r<\/a>.<\/p>\n\n\n<div class=\"wp-block-image is-resized\">\n<figure class=\"aligncenter size-medium\"><img loading=\"lazy\" decoding=\"async\" width=\"300\" height=\"300\" src=\"https:\/\/www.planen-netze-beutel.de\/blog\/wp-content\/uploads\/2021\/12\/kubulus_blog_planen_randgestaltung_saum_oesen_800x800-300x300.jpg\" alt=\"Eine Plane mit Saum kann mit oder ohne \u00d6sen gefertigt werden.\" class=\"wp-image-974\" srcset=\"https:\/\/www.planen-netze-beutel.de\/blog\/wp-content\/uploads\/2021\/12\/kubulus_blog_planen_randgestaltung_saum_oesen_800x800-300x300.jpg 300w, https:\/\/www.planen-netze-beutel.de\/blog\/wp-content\/uploads\/2021\/12\/kubulus_blog_planen_randgestaltung_saum_oesen_800x800-150x150.jpg 150w, https:\/\/www.planen-netze-beutel.de\/blog\/wp-content\/uploads\/2021\/12\/kubulus_blog_planen_randgestaltung_saum_oesen_800x800-768x768.jpg 768w, https:\/\/www.planen-netze-beutel.de\/blog\/wp-content\/uploads\/2021\/12\/kubulus_blog_planen_randgestaltung_saum_oesen_800x800-80x80.jpg 80w, https:\/\/www.planen-netze-beutel.de\/blog\/wp-content\/uploads\/2021\/12\/kubulus_blog_planen_randgestaltung_saum_oesen_800x800-390x390.jpg 390w, https:\/\/www.planen-netze-beutel.de\/blog\/wp-content\/uploads\/2021\/12\/kubulus_blog_planen_randgestaltung_saum_oesen_800x800.jpg 800w\" sizes=\"auto, (max-width: 300px) 100vw, 300px\" \/><figcaption class=\"wp-element-caption\"><em>Eine Plane mit Saum kann mit oder ohne \u00d6sen gefertigt werden.<\/em><\/figcaption><\/figure>\n<\/div>\n\n\n<h4 class=\"wp-block-heading\">\u00d6se ist nicht gleich \u00d6se<\/h4>\n\n\n\n<p>Generell unterscheidet man zwischen Rund\u00f6se und Oval\u00f6se. So haben Sie auch bei unseren Produkten und im Planen-Konfigurator bei Abdeckplanen mit \u00d6sen die Wahl zwischen diesen beiden Formen.<\/p>\n\n\n\n<p>Bei Rund\u00f6sen wird die Plane meist mit Kabelbinder oder Planenspannern befestigt. Dies schafft eine gewisse Flexibilit\u00e4t. Denn die Plane kann problemlos auch an einem anderen Ort zum Einsatz kommen und wiederverwendet werden.<\/p>\n\n\n<div class=\"wp-block-image is-resized\">\n<figure class=\"aligncenter size-medium\"><img loading=\"lazy\" decoding=\"async\" width=\"300\" height=\"300\" src=\"https:\/\/www.planen-netze-beutel.de\/blog\/wp-content\/uploads\/2021\/12\/kubulus_blog_planen_randgestaltung_rundoese_800x800-300x300.jpg\" alt=\"Mit Rund\u00f6sen k\u00f6nnen Planen flexibel an unterschiedlichen Orten zum Einsatz kommen.\" class=\"wp-image-975\" srcset=\"https:\/\/www.planen-netze-beutel.de\/blog\/wp-content\/uploads\/2021\/12\/kubulus_blog_planen_randgestaltung_rundoese_800x800-300x300.jpg 300w, https:\/\/www.planen-netze-beutel.de\/blog\/wp-content\/uploads\/2021\/12\/kubulus_blog_planen_randgestaltung_rundoese_800x800-150x150.jpg 150w, https:\/\/www.planen-netze-beutel.de\/blog\/wp-content\/uploads\/2021\/12\/kubulus_blog_planen_randgestaltung_rundoese_800x800-768x768.jpg 768w, https:\/\/www.planen-netze-beutel.de\/blog\/wp-content\/uploads\/2021\/12\/kubulus_blog_planen_randgestaltung_rundoese_800x800-80x80.jpg 80w, https:\/\/www.planen-netze-beutel.de\/blog\/wp-content\/uploads\/2021\/12\/kubulus_blog_planen_randgestaltung_rundoese_800x800-390x390.jpg 390w, https:\/\/www.planen-netze-beutel.de\/blog\/wp-content\/uploads\/2021\/12\/kubulus_blog_planen_randgestaltung_rundoese_800x800.jpg 800w\" sizes=\"auto, (max-width: 300px) 100vw, 300px\" \/><figcaption class=\"wp-element-caption\"><em>Mit Rund\u00f6sen k\u00f6nnen Planen flexibel an unterschiedlichen Orten zum Einsatz kommen.<\/em><\/figcaption><\/figure>\n<\/div>\n\n\n<p>Oval\u00f6sen hingegen ben\u00f6tigen ein Gegenst\u00fcck in Form eines Drehverschlusses. Der Vorteil ist hier die schnelle Montage. Blitzschnell ist die Plane am gew\u00fcnschten Tr\u00e4gersystem festmontiert bzw. festgedreht. Genauso schnell kann sie auch wieder entfernt werden. Oval\u00f6sen sind daher gerade dann sinnvoll, wenn man die Plane immer am gleichen Ort befestigt. Man verwendet sie gerne bei Terrassenverkleidungen oder Trennw\u00e4nden. Durch die praktische Handhabung kann die Plane im Sommer ganz einfach nach Bedarf seitlich gel\u00f6st, nach oben aufgerollt und oben befestigt werden.<\/p>\n\n\n\n<figure class=\"wp-block-gallery aligncenter has-nested-images columns-default is-cropped wp-block-gallery-1 is-layout-flex wp-block-gallery-is-layout-flex\">\n<figure class=\"wp-block-image size-full\"><img loading=\"lazy\" decoding=\"async\" width=\"800\" height=\"800\" data-id=\"976\" src=\"https:\/\/www.planen-netze-beutel.de\/blog\/wp-content\/uploads\/2021\/12\/kubulus_blog_planen_randgestaltung_ovaloese_800x800.jpg\" alt=\"Planen mit Oval\u00f6sen haben meist einen festen Einsatzort.\" class=\"wp-image-976\" srcset=\"https:\/\/www.planen-netze-beutel.de\/blog\/wp-content\/uploads\/2021\/12\/kubulus_blog_planen_randgestaltung_ovaloese_800x800.jpg 800w, https:\/\/www.planen-netze-beutel.de\/blog\/wp-content\/uploads\/2021\/12\/kubulus_blog_planen_randgestaltung_ovaloese_800x800-300x300.jpg 300w, https:\/\/www.planen-netze-beutel.de\/blog\/wp-content\/uploads\/2021\/12\/kubulus_blog_planen_randgestaltung_ovaloese_800x800-150x150.jpg 150w, https:\/\/www.planen-netze-beutel.de\/blog\/wp-content\/uploads\/2021\/12\/kubulus_blog_planen_randgestaltung_ovaloese_800x800-768x768.jpg 768w, https:\/\/www.planen-netze-beutel.de\/blog\/wp-content\/uploads\/2021\/12\/kubulus_blog_planen_randgestaltung_ovaloese_800x800-80x80.jpg 80w, https:\/\/www.planen-netze-beutel.de\/blog\/wp-content\/uploads\/2021\/12\/kubulus_blog_planen_randgestaltung_ovaloese_800x800-390x390.jpg 390w\" sizes=\"auto, (max-width: 800px) 100vw, 800px\" \/><figcaption class=\"wp-element-caption\"><em>Planen mit Oval\u00f6sen haben meist einen festen Einsatzort.<\/em><\/figcaption><\/figure>\n\n\n\n<figure class=\"wp-block-image size-full\"><img loading=\"lazy\" decoding=\"async\" width=\"800\" height=\"800\" data-id=\"985\" src=\"https:\/\/www.planen-netze-beutel.de\/blog\/wp-content\/uploads\/2021\/12\/kubulus_blog_planen_randgestaltung_ovaloese_verschluss_800x800.jpg\" alt=\"Oval\u00f6sen mit Drehverschluss\" class=\"wp-image-985\" srcset=\"https:\/\/www.planen-netze-beutel.de\/blog\/wp-content\/uploads\/2021\/12\/kubulus_blog_planen_randgestaltung_ovaloese_verschluss_800x800.jpg 800w, https:\/\/www.planen-netze-beutel.de\/blog\/wp-content\/uploads\/2021\/12\/kubulus_blog_planen_randgestaltung_ovaloese_verschluss_800x800-300x300.jpg 300w, https:\/\/www.planen-netze-beutel.de\/blog\/wp-content\/uploads\/2021\/12\/kubulus_blog_planen_randgestaltung_ovaloese_verschluss_800x800-150x150.jpg 150w, https:\/\/www.planen-netze-beutel.de\/blog\/wp-content\/uploads\/2021\/12\/kubulus_blog_planen_randgestaltung_ovaloese_verschluss_800x800-768x768.jpg 768w, https:\/\/www.planen-netze-beutel.de\/blog\/wp-content\/uploads\/2021\/12\/kubulus_blog_planen_randgestaltung_ovaloese_verschluss_800x800-80x80.jpg 80w, https:\/\/www.planen-netze-beutel.de\/blog\/wp-content\/uploads\/2021\/12\/kubulus_blog_planen_randgestaltung_ovaloese_verschluss_800x800-390x390.jpg 390w\" sizes=\"auto, (max-width: 800px) 100vw, 800px\" \/><figcaption class=\"wp-element-caption\"><em>Oval\u00f6sen mit Drehverschluss<\/em><\/figcaption><\/figure>\n<\/figure>\n\n\n\n<figure class=\"wp-block-gallery has-nested-images columns-default is-cropped wp-block-gallery-2 is-layout-flex wp-block-gallery-is-layout-flex\">\n<figure class=\"wp-block-image size-large\"><img loading=\"lazy\" decoding=\"async\" width=\"768\" height=\"1024\" data-id=\"2026\" src=\"https:\/\/www.planen-netze-beutel.de\/blog\/wp-content\/uploads\/2025\/08\/kubulus_blog_garten_must_haves_sichtschutz_800x1067-768x1024.jpg\" alt=\"\" class=\"wp-image-2026\" srcset=\"https:\/\/www.planen-netze-beutel.de\/blog\/wp-content\/uploads\/2025\/08\/kubulus_blog_garten_must_haves_sichtschutz_800x1067-768x1024.jpg 768w, https:\/\/www.planen-netze-beutel.de\/blog\/wp-content\/uploads\/2025\/08\/kubulus_blog_garten_must_haves_sichtschutz_800x1067-225x300.jpg 225w, https:\/\/www.planen-netze-beutel.de\/blog\/wp-content\/uploads\/2025\/08\/kubulus_blog_garten_must_haves_sichtschutz_800x1067-390x520.jpg 390w, https:\/\/www.planen-netze-beutel.de\/blog\/wp-content\/uploads\/2025\/08\/kubulus_blog_garten_must_haves_sichtschutz_800x1067.jpg 800w\" sizes=\"auto, (max-width: 768px) 100vw, 768px\" \/><figcaption class=\"wp-element-caption\"><em>Sichtschutz aus PVC mit \u00d6sen<\/em><\/figcaption><\/figure>\n\n\n\n<figure class=\"wp-block-image size-large\"><img loading=\"lazy\" decoding=\"async\" width=\"800\" height=\"586\" data-id=\"1914\" src=\"https:\/\/www.planen-netze-beutel.de\/blog\/wp-content\/uploads\/2024\/10\/kubulus_blog_outdoor_kueche_grosses_transparentes_fenster_800x586.jpg\" alt=\"\" class=\"wp-image-1914\" srcset=\"https:\/\/www.planen-netze-beutel.de\/blog\/wp-content\/uploads\/2024\/10\/kubulus_blog_outdoor_kueche_grosses_transparentes_fenster_800x586.jpg 800w, https:\/\/www.planen-netze-beutel.de\/blog\/wp-content\/uploads\/2024\/10\/kubulus_blog_outdoor_kueche_grosses_transparentes_fenster_800x586-300x220.jpg 300w, https:\/\/www.planen-netze-beutel.de\/blog\/wp-content\/uploads\/2024\/10\/kubulus_blog_outdoor_kueche_grosses_transparentes_fenster_800x586-768x563.jpg 768w, https:\/\/www.planen-netze-beutel.de\/blog\/wp-content\/uploads\/2024\/10\/kubulus_blog_outdoor_kueche_grosses_transparentes_fenster_800x586-390x286.jpg 390w\" sizes=\"auto, (max-width: 800px) 100vw, 800px\" \/><figcaption class=\"wp-element-caption\"><em>Outdoork\u00fcchen-Verkleidung<\/em><\/figcaption><\/figure>\n\n\n\n<figure class=\"wp-block-image size-full\"><img loading=\"lazy\" decoding=\"async\" width=\"800\" height=\"659\" data-id=\"1735\" src=\"https:\/\/www.planen-netze-beutel.de\/blog\/wp-content\/uploads\/2024\/09\/blogbeitrag_flexibler_wintergarten_titelbild_800x659-1.jpg\" alt=\"Flexibler Wintergarten \u2013 So sitzen Sie auch im Winter drau\u00dfen\" class=\"wp-image-1735\" srcset=\"https:\/\/www.planen-netze-beutel.de\/blog\/wp-content\/uploads\/2024\/09\/blogbeitrag_flexibler_wintergarten_titelbild_800x659-1.jpg 800w, https:\/\/www.planen-netze-beutel.de\/blog\/wp-content\/uploads\/2024\/09\/blogbeitrag_flexibler_wintergarten_titelbild_800x659-1-300x247.jpg 300w, https:\/\/www.planen-netze-beutel.de\/blog\/wp-content\/uploads\/2024\/09\/blogbeitrag_flexibler_wintergarten_titelbild_800x659-1-768x633.jpg 768w, https:\/\/www.planen-netze-beutel.de\/blog\/wp-content\/uploads\/2024\/09\/blogbeitrag_flexibler_wintergarten_titelbild_800x659-1-390x321.jpg 390w\" sizes=\"auto, (max-width: 800px) 100vw, 800px\" \/><figcaption class=\"wp-element-caption\"><em>Terrassenplane aus PVC<\/em><\/figcaption><\/figure>\n<\/figure>\n\n\n\n<h3 class=\"wp-block-heading\">Plane mit Hohlsaum<\/h3>\n\n\n\n<p>Bei der Entscheidung f\u00fcr einen Hohlsaum am Rand wird die Plane am Saum umgeschlagen und so verschwei\u00dft, dass ein Hohlsaum entsteht. Hier kann beispielsweise eine Stange oder ein Rohr durchgeschoben werden, um die Plane zu beschweren.<\/p>\n\n\n\n<p>Planen mit Hohlsaum werden oftmals als Flexiw\u00e4nde, als PVC-Vorh\u00e4nge oder als Abtrennungen in Lagerhallen eingesetzt. Durch die Beschwerung h\u00e4ngt die Plane gerade herunter und erf\u00fcllt den gew\u00fcnschten Effekt. Statt einer Stange kann bei einem Vorhang aus PVC, wie er beispielsweise bei Schwei\u00dfkabinen zum Einsatz kommt, auch eine Gliederkette zum Beschweren eingearbeitet werden. Auf diese Weise kann der Vorhang bequem auf- und zugeschoben werden.<\/p>\n\n\n<div class=\"wp-block-image\">\n<figure class=\"aligncenter size-full is-resized\"><img loading=\"lazy\" decoding=\"async\" width=\"800\" height=\"600\" src=\"https:\/\/www.planen-netze-beutel.de\/blog\/wp-content\/uploads\/2025\/01\/kubulus_blog_terrassenplane_titelbild_800x600-1.jpg\" alt=\"Terrassenplane nach Ma\u00df \u2013 Drau\u00dfen sitzen bei jedem Wetter\" class=\"wp-image-1794\" style=\"width:400px\" srcset=\"https:\/\/www.planen-netze-beutel.de\/blog\/wp-content\/uploads\/2025\/01\/kubulus_blog_terrassenplane_titelbild_800x600-1.jpg 800w, https:\/\/www.planen-netze-beutel.de\/blog\/wp-content\/uploads\/2025\/01\/kubulus_blog_terrassenplane_titelbild_800x600-1-300x225.jpg 300w, https:\/\/www.planen-netze-beutel.de\/blog\/wp-content\/uploads\/2025\/01\/kubulus_blog_terrassenplane_titelbild_800x600-1-768x576.jpg 768w, https:\/\/www.planen-netze-beutel.de\/blog\/wp-content\/uploads\/2025\/01\/kubulus_blog_terrassenplane_titelbild_800x600-1-240x180.jpg 240w, https:\/\/www.planen-netze-beutel.de\/blog\/wp-content\/uploads\/2025\/01\/kubulus_blog_terrassenplane_titelbild_800x600-1-390x293.jpg 390w\" sizes=\"auto, (max-width: 800px) 100vw, 800px\" \/><figcaption class=\"wp-element-caption\"><em>Terrassenplane mit Hohlsaum und Stange zum Beschweren<\/em><\/figcaption><\/figure>\n<\/div>\n\n\n<p class=\"has-cyan-bluish-gray-background-color has-background\"><strong>Der KUBULUS-Tipp:<\/strong> Planen mit Hohlsaum eignen sich auch hervorragend als Rollplane. Die Plane kann so \u00fcber die eingef\u00fchrte Stange auf- und abgerollt werden.<\/p>\n\n\n<div class=\"wp-block-image is-resized\">\n<figure class=\"aligncenter size-medium\"><img loading=\"lazy\" decoding=\"async\" width=\"300\" height=\"300\" src=\"https:\/\/www.planen-netze-beutel.de\/blog\/wp-content\/uploads\/2021\/12\/kubulus_blog_planen_randgestaltung_hohlsaum_800x800-300x300.jpg\" alt=\"Plane mit Hohlsaum\" class=\"wp-image-977\" srcset=\"https:\/\/www.planen-netze-beutel.de\/blog\/wp-content\/uploads\/2021\/12\/kubulus_blog_planen_randgestaltung_hohlsaum_800x800-300x300.jpg 300w, https:\/\/www.planen-netze-beutel.de\/blog\/wp-content\/uploads\/2021\/12\/kubulus_blog_planen_randgestaltung_hohlsaum_800x800-150x150.jpg 150w, https:\/\/www.planen-netze-beutel.de\/blog\/wp-content\/uploads\/2021\/12\/kubulus_blog_planen_randgestaltung_hohlsaum_800x800-768x768.jpg 768w, https:\/\/www.planen-netze-beutel.de\/blog\/wp-content\/uploads\/2021\/12\/kubulus_blog_planen_randgestaltung_hohlsaum_800x800-80x80.jpg 80w, https:\/\/www.planen-netze-beutel.de\/blog\/wp-content\/uploads\/2021\/12\/kubulus_blog_planen_randgestaltung_hohlsaum_800x800-390x390.jpg 390w, https:\/\/www.planen-netze-beutel.de\/blog\/wp-content\/uploads\/2021\/12\/kubulus_blog_planen_randgestaltung_hohlsaum_800x800.jpg 800w\" sizes=\"auto, (max-width: 300px) 100vw, 300px\" \/><figcaption class=\"wp-element-caption\"><em>Plane mit Hohlsaum<\/em><\/figcaption><\/figure>\n<\/div>\n\n\n<h3 class=\"wp-block-heading\">Plane mit Keder<\/h3>\n\n\n\n<p>Bei einer Plane mit Keder bringt man an der Plane selbst ein sogenanntes Kederband an. Hierbei handelt es sich um ein Band mit Wulst, das in eine Kederschiene eingef\u00e4delt wird. <\/p>\n\n\n<div class=\"wp-block-image is-resized\">\n<figure class=\"aligncenter size-medium\"><img loading=\"lazy\" decoding=\"async\" width=\"300\" height=\"300\" src=\"https:\/\/www.planen-netze-beutel.de\/blog\/wp-content\/uploads\/2021\/12\/kubulus_blog_planen_randgestaltung_keder_800x800-300x300.jpg\" alt=\"Plane mit Keder\" class=\"wp-image-978\" srcset=\"https:\/\/www.planen-netze-beutel.de\/blog\/wp-content\/uploads\/2021\/12\/kubulus_blog_planen_randgestaltung_keder_800x800-300x300.jpg 300w, https:\/\/www.planen-netze-beutel.de\/blog\/wp-content\/uploads\/2021\/12\/kubulus_blog_planen_randgestaltung_keder_800x800-150x150.jpg 150w, https:\/\/www.planen-netze-beutel.de\/blog\/wp-content\/uploads\/2021\/12\/kubulus_blog_planen_randgestaltung_keder_800x800-768x768.jpg 768w, https:\/\/www.planen-netze-beutel.de\/blog\/wp-content\/uploads\/2021\/12\/kubulus_blog_planen_randgestaltung_keder_800x800-80x80.jpg 80w, https:\/\/www.planen-netze-beutel.de\/blog\/wp-content\/uploads\/2021\/12\/kubulus_blog_planen_randgestaltung_keder_800x800-390x390.jpg 390w, https:\/\/www.planen-netze-beutel.de\/blog\/wp-content\/uploads\/2021\/12\/kubulus_blog_planen_randgestaltung_keder_800x800.jpg 800w\" sizes=\"auto, (max-width: 300px) 100vw, 300px\" \/><figcaption class=\"wp-element-caption\"><em>Plane mit Keder<\/em><\/figcaption><\/figure>\n<\/div>\n\n\n<p>Eine Kederschiene ist an einem Wohnwagen bereits dran, um daran das Vorzelt zu befestigen. Eine solche Schiene kann aber auch an Marktst\u00e4nden, an Hausw\u00e4ndern oder anderen Gegenst\u00e4nden befestigt werden, um hier einen Unterstand oder eine Regenabdeckung anzubringen. Auch f\u00fcr Carports oder bei Terrassenverkleidungen kommen Kederschienen gerne zum Einsatz.<\/p>\n\n\n\n<figure class=\"wp-block-gallery has-nested-images columns-default is-cropped wp-block-gallery-3 is-layout-flex wp-block-gallery-is-layout-flex\">\n<figure class=\"wp-block-image size-large\"><img loading=\"lazy\" decoding=\"async\" width=\"800\" height=\"589\" data-id=\"1444\" src=\"https:\/\/www.planen-netze-beutel.de\/blog\/wp-content\/uploads\/2024\/04\/kubulus_blog_kederplane_wohnwagen_oben_800x589.jpg\" alt=\"Eine Kederplane dient am Wohnwagen als Vorzelt. Im ge\u00f6ffneten Zustand ist sie der perfekte Schattenspender.\" class=\"wp-image-1444\" srcset=\"https:\/\/www.planen-netze-beutel.de\/blog\/wp-content\/uploads\/2024\/04\/kubulus_blog_kederplane_wohnwagen_oben_800x589.jpg 800w, https:\/\/www.planen-netze-beutel.de\/blog\/wp-content\/uploads\/2024\/04\/kubulus_blog_kederplane_wohnwagen_oben_800x589-300x221.jpg 300w, https:\/\/www.planen-netze-beutel.de\/blog\/wp-content\/uploads\/2024\/04\/kubulus_blog_kederplane_wohnwagen_oben_800x589-768x565.jpg 768w, https:\/\/www.planen-netze-beutel.de\/blog\/wp-content\/uploads\/2024\/04\/kubulus_blog_kederplane_wohnwagen_oben_800x589-390x287.jpg 390w\" sizes=\"auto, (max-width: 800px) 100vw, 800px\" \/><figcaption class=\"wp-element-caption\"><em>Kederplane am Wohnwagen &#8211; als Markise<\/em><\/figcaption><\/figure>\n\n\n\n<figure class=\"wp-block-image size-large\"><img loading=\"lazy\" decoding=\"async\" width=\"800\" height=\"575\" data-id=\"1448\" src=\"https:\/\/www.planen-netze-beutel.de\/blog\/wp-content\/uploads\/2024\/04\/kubulus_blog_kederplane_wohnwagen_unten_800x575.jpg\" alt=\"Auch bei schlechtem Wetter hat die Kederplane als Vorzelt eine Funktion: Sie dient als Regenunterstand und Windschutz.\" class=\"wp-image-1448\" srcset=\"https:\/\/www.planen-netze-beutel.de\/blog\/wp-content\/uploads\/2024\/04\/kubulus_blog_kederplane_wohnwagen_unten_800x575.jpg 800w, https:\/\/www.planen-netze-beutel.de\/blog\/wp-content\/uploads\/2024\/04\/kubulus_blog_kederplane_wohnwagen_unten_800x575-300x216.jpg 300w, https:\/\/www.planen-netze-beutel.de\/blog\/wp-content\/uploads\/2024\/04\/kubulus_blog_kederplane_wohnwagen_unten_800x575-768x552.jpg 768w, https:\/\/www.planen-netze-beutel.de\/blog\/wp-content\/uploads\/2024\/04\/kubulus_blog_kederplane_wohnwagen_unten_800x575-390x280.jpg 390w\" sizes=\"auto, (max-width: 800px) 100vw, 800px\" \/><figcaption class=\"wp-element-caption\"><em>Kederplane am Wohnwagen &#8211; als Regenunterstand und Windschutz<\/em><\/figcaption><\/figure>\n<\/figure>\n\n\n\n<h3 class=\"wp-block-heading\">Sonnensegel mit Hohlschnitt<\/h3>\n\n\n\n<p>Haben Sie schon mal ein Sonnensegel angebracht? Ja? Und ist es Ihnen da genauso ergangen, dass das Sonnensegel beim n\u00e4chsten Windsto\u00df angefangen hat zu flattern? Dann waren die Seiten der Plane in diesem Fall wahrscheinlich gerade geschnitten oder nicht richtig gespannt.<\/p>\n\n\n\n<p>Um ein hochwertiges Sonnensegel aus PVC zu befestigen, empfehlen wir einen Hohlschnitt f\u00fcr Ihre Randgestaltung. Hierbei werden die Seiten nicht gerade sondern leicht gebogen gefertigt. Diese Form hat folgenden Grund: Durch das Verspannen des Sonnensegels an den Ecken kommt Spannung auf die Plane. Und genau an dieser Stelle kommt die konkave Form ins Spiel.&nbsp;Denn durch den konkaven Schnitt wird das in den Saum eingen\u00e4hte Gurtband nach au\u00dfen gezogen. Es versucht die Spannung auszugleichen und sich zu \u201egeradigen\u201c. Der Effekt: Das Sonnensegel kann durch die Spannung dem Wind zuverl\u00e4ssig standhalten.<\/p>\n\n\n\n<figure class=\"wp-block-gallery has-nested-images columns-default is-cropped wp-block-gallery-4 is-layout-flex wp-block-gallery-is-layout-flex\">\n<figure class=\"wp-block-image size-large\"><img loading=\"lazy\" decoding=\"async\" width=\"800\" height=\"600\" data-id=\"1998\" src=\"https:\/\/www.planen-netze-beutel.de\/blog\/wp-content\/uploads\/2025\/07\/kubulus_blog_garten_must_haves_sonnensegel_800x600.jpg\" alt=\"\" class=\"wp-image-1998\" srcset=\"https:\/\/www.planen-netze-beutel.de\/blog\/wp-content\/uploads\/2025\/07\/kubulus_blog_garten_must_haves_sonnensegel_800x600.jpg 800w, https:\/\/www.planen-netze-beutel.de\/blog\/wp-content\/uploads\/2025\/07\/kubulus_blog_garten_must_haves_sonnensegel_800x600-300x225.jpg 300w, https:\/\/www.planen-netze-beutel.de\/blog\/wp-content\/uploads\/2025\/07\/kubulus_blog_garten_must_haves_sonnensegel_800x600-768x576.jpg 768w, https:\/\/www.planen-netze-beutel.de\/blog\/wp-content\/uploads\/2025\/07\/kubulus_blog_garten_must_haves_sonnensegel_800x600-240x180.jpg 240w, https:\/\/www.planen-netze-beutel.de\/blog\/wp-content\/uploads\/2025\/07\/kubulus_blog_garten_must_haves_sonnensegel_800x600-390x293.jpg 390w\" sizes=\"auto, (max-width: 800px) 100vw, 800px\" \/><\/figure>\n\n\n\n<figure class=\"wp-block-image size-large\"><img loading=\"lazy\" decoding=\"async\" width=\"800\" height=\"600\" data-id=\"1559\" src=\"https:\/\/www.planen-netze-beutel.de\/blog\/wp-content\/uploads\/2024\/05\/blogbeitrag_kubulus_sonnensegel_vorteile_pvc_800x600.jpg\" alt=\"Sonnensegel aus PVC\" class=\"wp-image-1559\" srcset=\"https:\/\/www.planen-netze-beutel.de\/blog\/wp-content\/uploads\/2024\/05\/blogbeitrag_kubulus_sonnensegel_vorteile_pvc_800x600.jpg 800w, https:\/\/www.planen-netze-beutel.de\/blog\/wp-content\/uploads\/2024\/05\/blogbeitrag_kubulus_sonnensegel_vorteile_pvc_800x600-300x225.jpg 300w, https:\/\/www.planen-netze-beutel.de\/blog\/wp-content\/uploads\/2024\/05\/blogbeitrag_kubulus_sonnensegel_vorteile_pvc_800x600-768x576.jpg 768w, https:\/\/www.planen-netze-beutel.de\/blog\/wp-content\/uploads\/2024\/05\/blogbeitrag_kubulus_sonnensegel_vorteile_pvc_800x600-240x180.jpg 240w, https:\/\/www.planen-netze-beutel.de\/blog\/wp-content\/uploads\/2024\/05\/blogbeitrag_kubulus_sonnensegel_vorteile_pvc_800x600-390x293.jpg 390w\" sizes=\"auto, (max-width: 800px) 100vw, 800px\" \/><\/figure>\n\n\n\n<figure class=\"wp-block-image size-large\"><img loading=\"lazy\" decoding=\"async\" width=\"800\" height=\"600\" data-id=\"1558\" src=\"https:\/\/www.planen-netze-beutel.de\/blog\/wp-content\/uploads\/2024\/05\/blogbeitrag_kubulus_sonnensegel_vorteile_hohlschnitt_800x600.jpg\" alt=\"Ein Sonnensegel sollte einen Hohlschnitt haben, damit es perfekt gespannt ist.\" class=\"wp-image-1558\" srcset=\"https:\/\/www.planen-netze-beutel.de\/blog\/wp-content\/uploads\/2024\/05\/blogbeitrag_kubulus_sonnensegel_vorteile_hohlschnitt_800x600.jpg 800w, https:\/\/www.planen-netze-beutel.de\/blog\/wp-content\/uploads\/2024\/05\/blogbeitrag_kubulus_sonnensegel_vorteile_hohlschnitt_800x600-300x225.jpg 300w, https:\/\/www.planen-netze-beutel.de\/blog\/wp-content\/uploads\/2024\/05\/blogbeitrag_kubulus_sonnensegel_vorteile_hohlschnitt_800x600-768x576.jpg 768w, https:\/\/www.planen-netze-beutel.de\/blog\/wp-content\/uploads\/2024\/05\/blogbeitrag_kubulus_sonnensegel_vorteile_hohlschnitt_800x600-240x180.jpg 240w, https:\/\/www.planen-netze-beutel.de\/blog\/wp-content\/uploads\/2024\/05\/blogbeitrag_kubulus_sonnensegel_vorteile_hohlschnitt_800x600-390x293.jpg 390w\" sizes=\"auto, (max-width: 800px) 100vw, 800px\" \/><\/figure>\n<\/figure>\n\n\n\n<p>Sie fragen sich nun, wie Sie die Plane an den Ecken befestigen k\u00f6nnen? Ganz einfach. Das Gurtband umschlie\u00dft an den Ecken sogenannte D-Ringe. Mithilfe dieser Ringe befestigen und verspannen Sie das Sonnensegel in der Regel durch Spanngurte an stabilen Tr\u00e4gersystemen. So kann das Sonnensegel den erhofften Schatten spenden.<\/p>\n\n\n<div class=\"wp-block-image is-resized\">\n<figure class=\"aligncenter size-medium\"><img loading=\"lazy\" decoding=\"async\" width=\"300\" height=\"300\" src=\"https:\/\/www.planen-netze-beutel.de\/blog\/wp-content\/uploads\/2021\/12\/kubulus_blog_planen_randgestaltung_hohlschnitt_800x800-300x300.jpg\" alt=\"Sonnensegel mit Hohlschnitt und D-Ring\" class=\"wp-image-979\" srcset=\"https:\/\/www.planen-netze-beutel.de\/blog\/wp-content\/uploads\/2021\/12\/kubulus_blog_planen_randgestaltung_hohlschnitt_800x800-300x300.jpg 300w, https:\/\/www.planen-netze-beutel.de\/blog\/wp-content\/uploads\/2021\/12\/kubulus_blog_planen_randgestaltung_hohlschnitt_800x800-150x150.jpg 150w, https:\/\/www.planen-netze-beutel.de\/blog\/wp-content\/uploads\/2021\/12\/kubulus_blog_planen_randgestaltung_hohlschnitt_800x800-768x768.jpg 768w, https:\/\/www.planen-netze-beutel.de\/blog\/wp-content\/uploads\/2021\/12\/kubulus_blog_planen_randgestaltung_hohlschnitt_800x800-80x80.jpg 80w, https:\/\/www.planen-netze-beutel.de\/blog\/wp-content\/uploads\/2021\/12\/kubulus_blog_planen_randgestaltung_hohlschnitt_800x800-390x390.jpg 390w, https:\/\/www.planen-netze-beutel.de\/blog\/wp-content\/uploads\/2021\/12\/kubulus_blog_planen_randgestaltung_hohlschnitt_800x800.jpg 800w\" sizes=\"auto, (max-width: 300px) 100vw, 300px\" \/><figcaption class=\"wp-element-caption\"><em>Sonnensegel mit Hohlschnitt und D-Ring<\/em><\/figcaption><\/figure>\n<\/div>\n\n\n<h2 class=\"wp-block-heading\">Randgestaltung Ihrer Plane bei KUBULUS<\/h2>\n\n\n\n<p class=\"has-drop-cap\">M\u00fcssen Sie jede Seite Ihrer Plane gleich gestalten? Nein, in der Randgestaltung sind Sie vollkommen frei. Sie k\u00f6nnen den Rand der Plane ganz nach dem gew\u00fcnschten Einsatzzweck, den \u00f6rtlichen Gegebenheiten und den Befestigungsm\u00f6glichkeiten flexibel gestalten. <\/p>\n\n\n\n<p>Sie m\u00f6chten nur eine Seite mit \u00d6sen gestalten und an allen anderen Seiten einen gew\u00f6hnlichen Saum? Kein Problem. Sie m\u00f6chten oben \u00d6sen und unten einen Hohlsaum? Auch das ist m\u00f6glich. Beim Rand Ihrer Plane entscheiden Sie. Wir produzieren die Plane nach Ihren Vorgaben. Sprechen Sie unseren Kundenservice bei Fragen gerne <a href=\"tel:+4973049589597\">telefonisch<\/a> oder nehmen Sie per <a href=\"mailto:info@kubulus.de\">Mail<\/a> Kontakt zu uns auf.<\/p>\n\n\n\n<p>Sie m\u00f6chten Ihre Plane unabh\u00e4ngig von Zeit und Ort selbst gestalten und das am liebsten sofort? Dann <a href=\"https:\/\/konfigurator.planen-netze-beutel.de\/\">konfigurieren Sie Ihre Plane direkt selbst<\/a> und schon nach wenigen Klicks geht Ihre Bestellung bei uns ein.<\/p>\n\n\n\n<p><strong><em>Das k\u00f6nnte Sie auch interessieren:<\/em><\/strong><\/p>\n\n\n\n<figure class=\"wp-block-embed is-type-wp-embed is-provider-ihr-experten-blog-rund-um-planen-netze-und-beutel-kubulus wp-block-embed-ihr-experten-blog-rund-um-planen-netze-und-beutel-kubulus\"><div class=\"wp-block-embed__wrapper\">\n<blockquote class=\"wp-embedded-content\" data-secret=\"Owyu2iaQcR\"><a href=\"https:\/\/www.planen-netze-beutel.de\/blog\/plane-konfigurieren-schritt-fuer-schritt\/\">Plane konfigurieren \u2013 Schritt f\u00fcr Schritt<\/a><\/blockquote><iframe loading=\"lazy\" class=\"wp-embedded-content\" sandbox=\"allow-scripts\" security=\"restricted\" style=\"position: absolute; visibility: hidden;\" title=\"&#8222;Plane konfigurieren \u2013 Schritt f\u00fcr Schritt&#8220; &#8211; Ihr Experten-Blog rund um Planen, Netze und Beutel | KUBULUS\" src=\"https:\/\/www.planen-netze-beutel.de\/blog\/plane-konfigurieren-schritt-fuer-schritt\/embed\/#?secret=fKg79S3pny#?secret=Owyu2iaQcR\" data-secret=\"Owyu2iaQcR\" width=\"500\" height=\"282\" frameborder=\"0\" marginwidth=\"0\" marginheight=\"0\" scrolling=\"no\"><\/iframe>\n<\/div><\/figure>\n\n\n\n<figure class=\"wp-block-embed is-type-wp-embed is-provider-ihr-experten-blog-rund-um-planen-netze-und-beutel-kubulus wp-block-embed-ihr-experten-blog-rund-um-planen-netze-und-beutel-kubulus\"><div class=\"wp-block-embed__wrapper\">\n<blockquote class=\"wp-embedded-content\" data-secret=\"KZAErDbwpH\"><a href=\"https:\/\/www.planen-netze-beutel.de\/blog\/pvc-plane-reparieren-und-reinigen-so-funktionierts\/\">PVC Plane reparieren und reinigen \u2013 So funktioniert\u2019s<\/a><\/blockquote><iframe loading=\"lazy\" class=\"wp-embedded-content\" sandbox=\"allow-scripts\" security=\"restricted\" style=\"position: absolute; visibility: hidden;\" title=\"&#8222;PVC Plane reparieren und reinigen \u2013 So funktioniert\u2019s&#8220; &#8211; Ihr Experten-Blog rund um Planen, Netze und Beutel | KUBULUS\" src=\"https:\/\/www.planen-netze-beutel.de\/blog\/pvc-plane-reparieren-und-reinigen-so-funktionierts\/embed\/#?secret=tjgPHQIVg9#?secret=KZAErDbwpH\" data-secret=\"KZAErDbwpH\" width=\"500\" height=\"282\" frameborder=\"0\" marginwidth=\"0\" marginheight=\"0\" scrolling=\"no\"><\/iframe>\n<\/div><\/figure>\n\n\n\n<figure class=\"wp-block-embed is-type-wp-embed is-provider-ihr-experten-blog-rund-um-planen-netze-und-beutel-kubulus wp-block-embed-ihr-experten-blog-rund-um-planen-netze-und-beutel-kubulus\"><div class=\"wp-block-embed__wrapper\">\n<blockquote class=\"wp-embedded-content\" data-secret=\"HO00ltlSTB\"><a href=\"https:\/\/www.planen-netze-beutel.de\/blog\/unterschied-wasserdichte-und-wasserabweisende-planen\/\">Unterschied wasserdichte und wasserabweisende Planen<\/a><\/blockquote><iframe loading=\"lazy\" class=\"wp-embedded-content\" sandbox=\"allow-scripts\" security=\"restricted\" style=\"position: absolute; visibility: hidden;\" title=\"&#8222;Unterschied wasserdichte und wasserabweisende Planen&#8220; &#8211; Ihr Experten-Blog rund um Planen, Netze und Beutel | KUBULUS\" src=\"https:\/\/www.planen-netze-beutel.de\/blog\/unterschied-wasserdichte-und-wasserabweisende-planen\/embed\/#?secret=BCpEk1saSK#?secret=HO00ltlSTB\" data-secret=\"HO00ltlSTB\" width=\"500\" height=\"282\" frameborder=\"0\" marginwidth=\"0\" marginheight=\"0\" scrolling=\"no\"><\/iframe>\n<\/div><\/figure>\n","protected":false},"excerpt":{"rendered":"Die Plane befestigen \u2013 hierbei spielt der Rand einer Plane eine gro\u00dfe Rolle. Und zwar bereits bei der Gestaltung und Konfiguration. Wir stellen Ihnen in unserem Beitrag die unterschiedlichen M\u00f6glichkeiten&hellip;\n","protected":false},"author":4,"featured_media":972,"comment_status":"closed","ping_status":"closed","sticky":false,"template":"","format":"standard","meta":{"footnotes":""},"categories":[36,35,38],"tags":[44,51,49,30,48,41,42,47,50],"class_list":{"0":"post-971","1":"post","2":"type-post","3":"status-publish","4":"format-standard","5":"has-post-thumbnail","7":"category-garten-aussenbereich","8":"category-praktische-anwendung","9":"category-produkt-und-material","10":"tag-abdeckplane","11":"tag-keder","12":"tag-oesen","13":"tag-plane","14":"tag-plane-befestigen","15":"tag-planen","16":"tag-pvc","17":"tag-randgestaltung","18":"tag-saum"},"yoast_head":"<!-- This site is optimized with the Yoast SEO plugin v27.5 - https:\/\/yoast.com\/product\/yoast-seo-wordpress\/ -->\n<title>Plane befestigen mit der passenden Randgestaltung | KUBULUS<\/title>\n<meta name=\"description\" content=\"Eine Plane mit Keder, eine Abdeckplane mit \u00d6sen oder lieber eine andere Randgestaltung? Wir zeigen Ihnen, wie Sie Ihre Plane befestigen.\" \/>\n<meta name=\"robots\" content=\"index, follow, max-snippet:-1, max-image-preview:large, max-video-preview:-1\" \/>\n<link rel=\"canonical\" href=\"https:\/\/www.planen-netze-beutel.de\/blog\/plane-befestigen-welche-randgestaltung-ist-die-richtige\/\" \/>\n<meta property=\"og:locale\" content=\"de_DE\" \/>\n<meta property=\"og:type\" content=\"article\" \/>\n<meta property=\"og:title\" content=\"Plane befestigen mit der passenden Randgestaltung | KUBULUS\" \/>\n<meta property=\"og:description\" content=\"Eine Plane mit Keder, eine Abdeckplane mit \u00d6sen oder lieber eine andere Randgestaltung? Wir zeigen Ihnen, wie Sie Ihre Plane befestigen.\" \/>\n<meta property=\"og:url\" content=\"https:\/\/www.planen-netze-beutel.de\/blog\/plane-befestigen-welche-randgestaltung-ist-die-richtige\/\" \/>\n<meta property=\"og:site_name\" content=\"Ihr Experten-Blog rund um Planen, Netze und Beutel | KUBULUS\" \/>\n<meta property=\"article:publisher\" content=\"https:\/\/www.facebook.com\/planen.netze.beutel\" \/>\n<meta property=\"article:published_time\" content=\"2025-10-24T19:41:32+00:00\" \/>\n<meta property=\"article:modified_time\" content=\"2026-01-19T19:52:00+00:00\" \/>\n<meta property=\"og:image\" content=\"https:\/\/www.planen-netze-beutel.de\/blog\/wp-content\/uploads\/2021\/12\/kubulus_blog_planen_randgestaltung_titelbild_800x533.jpg\" \/>\n\t<meta property=\"og:image:width\" content=\"800\" \/>\n\t<meta property=\"og:image:height\" content=\"533\" \/>\n\t<meta property=\"og:image:type\" content=\"image\/jpeg\" \/>\n<meta name=\"author\" content=\"Silke M\u00fcnster\" \/>\n<meta name=\"twitter:card\" content=\"summary_large_image\" \/>\n<meta name=\"twitter:label1\" content=\"Verfasst von\" \/>\n\t<meta name=\"twitter:data1\" content=\"Silke M\u00fcnster\" \/>\n\t<meta name=\"twitter:label2\" content=\"Gesch\u00e4tzte Lesezeit\" \/>\n\t<meta name=\"twitter:data2\" content=\"13\u00a0Minuten\" \/>\n<script type=\"application\/ld+json\" class=\"yoast-schema-graph\">{\"@context\":\"https:\\\/\\\/schema.org\",\"@graph\":[{\"@type\":\"Article\",\"@id\":\"https:\\\/\\\/www.planen-netze-beutel.de\\\/blog\\\/plane-befestigen-welche-randgestaltung-ist-die-richtige\\\/#article\",\"isPartOf\":{\"@id\":\"https:\\\/\\\/www.planen-netze-beutel.de\\\/blog\\\/plane-befestigen-welche-randgestaltung-ist-die-richtige\\\/\"},\"author\":{\"name\":\"Silke M\u00fcnster\",\"@id\":\"https:\\\/\\\/www.planen-netze-beutel.de\\\/blog\\\/#\\\/schema\\\/person\\\/ee3f547e0be638d3af0b88f7e275127a\"},\"headline\":\"Plane befestigen \u2013 Welche Randgestaltung ist die richtige?\",\"datePublished\":\"2025-10-24T19:41:32+00:00\",\"dateModified\":\"2026-01-19T19:52:00+00:00\",\"mainEntityOfPage\":{\"@id\":\"https:\\\/\\\/www.planen-netze-beutel.de\\\/blog\\\/plane-befestigen-welche-randgestaltung-ist-die-richtige\\\/\"},\"wordCount\":1735,\"publisher\":{\"@id\":\"https:\\\/\\\/www.planen-netze-beutel.de\\\/blog\\\/#organization\"},\"image\":{\"@id\":\"https:\\\/\\\/www.planen-netze-beutel.de\\\/blog\\\/plane-befestigen-welche-randgestaltung-ist-die-richtige\\\/#primaryimage\"},\"thumbnailUrl\":\"https:\\\/\\\/www.planen-netze-beutel.de\\\/blog\\\/wp-content\\\/uploads\\\/2021\\\/12\\\/kubulus_blog_planen_randgestaltung_titelbild_800x533.jpg\",\"keywords\":[\"Abdeckplane\",\"Keder\",\"\u00d6sen\",\"Plane\",\"Plane befestigen\",\"Planen\",\"PVC\",\"Randgestaltung\",\"Saum\"],\"articleSection\":[\"Garten &amp; Au\u00dfenbereich\",\"Praktische Anwendung\",\"Produkt &amp; Material\"],\"inLanguage\":\"de\"},{\"@type\":\"WebPage\",\"@id\":\"https:\\\/\\\/www.planen-netze-beutel.de\\\/blog\\\/plane-befestigen-welche-randgestaltung-ist-die-richtige\\\/\",\"url\":\"https:\\\/\\\/www.planen-netze-beutel.de\\\/blog\\\/plane-befestigen-welche-randgestaltung-ist-die-richtige\\\/\",\"name\":\"Plane befestigen mit der passenden Randgestaltung | KUBULUS\",\"isPartOf\":{\"@id\":\"https:\\\/\\\/www.planen-netze-beutel.de\\\/blog\\\/#website\"},\"primaryImageOfPage\":{\"@id\":\"https:\\\/\\\/www.planen-netze-beutel.de\\\/blog\\\/plane-befestigen-welche-randgestaltung-ist-die-richtige\\\/#primaryimage\"},\"image\":{\"@id\":\"https:\\\/\\\/www.planen-netze-beutel.de\\\/blog\\\/plane-befestigen-welche-randgestaltung-ist-die-richtige\\\/#primaryimage\"},\"thumbnailUrl\":\"https:\\\/\\\/www.planen-netze-beutel.de\\\/blog\\\/wp-content\\\/uploads\\\/2021\\\/12\\\/kubulus_blog_planen_randgestaltung_titelbild_800x533.jpg\",\"datePublished\":\"2025-10-24T19:41:32+00:00\",\"dateModified\":\"2026-01-19T19:52:00+00:00\",\"description\":\"Eine Plane mit Keder, eine Abdeckplane mit \u00d6sen oder lieber eine andere Randgestaltung? Wir zeigen Ihnen, wie Sie Ihre Plane befestigen.\",\"breadcrumb\":{\"@id\":\"https:\\\/\\\/www.planen-netze-beutel.de\\\/blog\\\/plane-befestigen-welche-randgestaltung-ist-die-richtige\\\/#breadcrumb\"},\"inLanguage\":\"de\",\"potentialAction\":[{\"@type\":\"ReadAction\",\"target\":[\"https:\\\/\\\/www.planen-netze-beutel.de\\\/blog\\\/plane-befestigen-welche-randgestaltung-ist-die-richtige\\\/\"]}]},{\"@type\":\"ImageObject\",\"inLanguage\":\"de\",\"@id\":\"https:\\\/\\\/www.planen-netze-beutel.de\\\/blog\\\/plane-befestigen-welche-randgestaltung-ist-die-richtige\\\/#primaryimage\",\"url\":\"https:\\\/\\\/www.planen-netze-beutel.de\\\/blog\\\/wp-content\\\/uploads\\\/2021\\\/12\\\/kubulus_blog_planen_randgestaltung_titelbild_800x533.jpg\",\"contentUrl\":\"https:\\\/\\\/www.planen-netze-beutel.de\\\/blog\\\/wp-content\\\/uploads\\\/2021\\\/12\\\/kubulus_blog_planen_randgestaltung_titelbild_800x533.jpg\",\"width\":800,\"height\":533,\"caption\":\"Die richtige Randgestaltung f\u00fcr Ihre Plane.\"},{\"@type\":\"BreadcrumbList\",\"@id\":\"https:\\\/\\\/www.planen-netze-beutel.de\\\/blog\\\/plane-befestigen-welche-randgestaltung-ist-die-richtige\\\/#breadcrumb\",\"itemListElement\":[{\"@type\":\"ListItem\",\"position\":1,\"name\":\"Startseite\",\"item\":\"https:\\\/\\\/www.planen-netze-beutel.de\\\/blog\\\/\"},{\"@type\":\"ListItem\",\"position\":2,\"name\":\"Plane befestigen \u2013 Welche Randgestaltung ist die richtige?\"}]},{\"@type\":\"WebSite\",\"@id\":\"https:\\\/\\\/www.planen-netze-beutel.de\\\/blog\\\/#website\",\"url\":\"https:\\\/\\\/www.planen-netze-beutel.de\\\/blog\\\/\",\"name\":\"Ihr Experten-Blog rund um Planen, Netze und Beutel | KUBULUS\",\"description\":\"Entdecken Sie im KUBULUS Blog praktische Anwendungstipps und Tutorials sowie Experten-Ratschl\u00e4ge rund um unsere Produkte und Materialien.\",\"publisher\":{\"@id\":\"https:\\\/\\\/www.planen-netze-beutel.de\\\/blog\\\/#organization\"},\"potentialAction\":[{\"@type\":\"SearchAction\",\"target\":{\"@type\":\"EntryPoint\",\"urlTemplate\":\"https:\\\/\\\/www.planen-netze-beutel.de\\\/blog\\\/?s={search_term_string}\"},\"query-input\":{\"@type\":\"PropertyValueSpecification\",\"valueRequired\":true,\"valueName\":\"search_term_string\"}}],\"inLanguage\":\"de\"},{\"@type\":\"Organization\",\"@id\":\"https:\\\/\\\/www.planen-netze-beutel.de\\\/blog\\\/#organization\",\"name\":\"Kubulus\",\"url\":\"https:\\\/\\\/www.planen-netze-beutel.de\\\/blog\\\/\",\"logo\":{\"@type\":\"ImageObject\",\"inLanguage\":\"de\",\"@id\":\"https:\\\/\\\/www.planen-netze-beutel.de\\\/blog\\\/#\\\/schema\\\/logo\\\/image\\\/\",\"url\":\"https:\\\/\\\/www.planen-netze-beutel.de\\\/blog\\\/wp-content\\\/uploads\\\/2021\\\/06\\\/Kub-120.png\",\"contentUrl\":\"https:\\\/\\\/www.planen-netze-beutel.de\\\/blog\\\/wp-content\\\/uploads\\\/2021\\\/06\\\/Kub-120.png\",\"width\":120,\"height\":30,\"caption\":\"Kubulus\"},\"image\":{\"@id\":\"https:\\\/\\\/www.planen-netze-beutel.de\\\/blog\\\/#\\\/schema\\\/logo\\\/image\\\/\"},\"sameAs\":[\"https:\\\/\\\/www.facebook.com\\\/planen.netze.beutel\",\"https:\\\/\\\/www.youtube.com\\\/channel\\\/UCcbseL_unJh_3F-gVFHC0rQ\"]},{\"@type\":\"Person\",\"@id\":\"https:\\\/\\\/www.planen-netze-beutel.de\\\/blog\\\/#\\\/schema\\\/person\\\/ee3f547e0be638d3af0b88f7e275127a\",\"name\":\"Silke M\u00fcnster\",\"image\":{\"@type\":\"ImageObject\",\"inLanguage\":\"de\",\"@id\":\"https:\\\/\\\/secure.gravatar.com\\\/avatar\\\/a1b3681fdbee86020820317bef6cf73e20e4e6c68259048e2c682611a049784e?s=96&d=mm&r=g\",\"url\":\"https:\\\/\\\/secure.gravatar.com\\\/avatar\\\/a1b3681fdbee86020820317bef6cf73e20e4e6c68259048e2c682611a049784e?s=96&d=mm&r=g\",\"contentUrl\":\"https:\\\/\\\/secure.gravatar.com\\\/avatar\\\/a1b3681fdbee86020820317bef6cf73e20e4e6c68259048e2c682611a049784e?s=96&d=mm&r=g\",\"caption\":\"Silke M\u00fcnster\"}}]}<\/script>\n<!-- \/ Yoast SEO plugin. -->","yoast_head_json":{"title":"Plane befestigen mit der passenden Randgestaltung | KUBULUS","description":"Eine Plane mit Keder, eine Abdeckplane mit \u00d6sen oder lieber eine andere Randgestaltung? Wir zeigen Ihnen, wie Sie Ihre Plane befestigen.","robots":{"index":"index","follow":"follow","max-snippet":"max-snippet:-1","max-image-preview":"max-image-preview:large","max-video-preview":"max-video-preview:-1"},"canonical":"https:\/\/www.planen-netze-beutel.de\/blog\/plane-befestigen-welche-randgestaltung-ist-die-richtige\/","og_locale":"de_DE","og_type":"article","og_title":"Plane befestigen mit der passenden Randgestaltung | KUBULUS","og_description":"Eine Plane mit Keder, eine Abdeckplane mit \u00d6sen oder lieber eine andere Randgestaltung? Wir zeigen Ihnen, wie Sie Ihre Plane befestigen.","og_url":"https:\/\/www.planen-netze-beutel.de\/blog\/plane-befestigen-welche-randgestaltung-ist-die-richtige\/","og_site_name":"Ihr Experten-Blog rund um Planen, Netze und Beutel | KUBULUS","article_publisher":"https:\/\/www.facebook.com\/planen.netze.beutel","article_published_time":"2025-10-24T19:41:32+00:00","article_modified_time":"2026-01-19T19:52:00+00:00","og_image":[{"width":800,"height":533,"url":"https:\/\/www.planen-netze-beutel.de\/blog\/wp-content\/uploads\/2021\/12\/kubulus_blog_planen_randgestaltung_titelbild_800x533.jpg","type":"image\/jpeg"}],"author":"Silke M\u00fcnster","twitter_card":"summary_large_image","twitter_misc":{"Verfasst von":"Silke M\u00fcnster","Gesch\u00e4tzte Lesezeit":"13\u00a0Minuten"},"schema":{"@context":"https:\/\/schema.org","@graph":[{"@type":"Article","@id":"https:\/\/www.planen-netze-beutel.de\/blog\/plane-befestigen-welche-randgestaltung-ist-die-richtige\/#article","isPartOf":{"@id":"https:\/\/www.planen-netze-beutel.de\/blog\/plane-befestigen-welche-randgestaltung-ist-die-richtige\/"},"author":{"name":"Silke M\u00fcnster","@id":"https:\/\/www.planen-netze-beutel.de\/blog\/#\/schema\/person\/ee3f547e0be638d3af0b88f7e275127a"},"headline":"Plane befestigen \u2013 Welche Randgestaltung ist die richtige?","datePublished":"2025-10-24T19:41:32+00:00","dateModified":"2026-01-19T19:52:00+00:00","mainEntityOfPage":{"@id":"https:\/\/www.planen-netze-beutel.de\/blog\/plane-befestigen-welche-randgestaltung-ist-die-richtige\/"},"wordCount":1735,"publisher":{"@id":"https:\/\/www.planen-netze-beutel.de\/blog\/#organization"},"image":{"@id":"https:\/\/www.planen-netze-beutel.de\/blog\/plane-befestigen-welche-randgestaltung-ist-die-richtige\/#primaryimage"},"thumbnailUrl":"https:\/\/www.planen-netze-beutel.de\/blog\/wp-content\/uploads\/2021\/12\/kubulus_blog_planen_randgestaltung_titelbild_800x533.jpg","keywords":["Abdeckplane","Keder","\u00d6sen","Plane","Plane befestigen","Planen","PVC","Randgestaltung","Saum"],"articleSection":["Garten &amp; Au\u00dfenbereich","Praktische Anwendung","Produkt &amp; Material"],"inLanguage":"de"},{"@type":"WebPage","@id":"https:\/\/www.planen-netze-beutel.de\/blog\/plane-befestigen-welche-randgestaltung-ist-die-richtige\/","url":"https:\/\/www.planen-netze-beutel.de\/blog\/plane-befestigen-welche-randgestaltung-ist-die-richtige\/","name":"Plane befestigen mit der passenden Randgestaltung | KUBULUS","isPartOf":{"@id":"https:\/\/www.planen-netze-beutel.de\/blog\/#website"},"primaryImageOfPage":{"@id":"https:\/\/www.planen-netze-beutel.de\/blog\/plane-befestigen-welche-randgestaltung-ist-die-richtige\/#primaryimage"},"image":{"@id":"https:\/\/www.planen-netze-beutel.de\/blog\/plane-befestigen-welche-randgestaltung-ist-die-richtige\/#primaryimage"},"thumbnailUrl":"https:\/\/www.planen-netze-beutel.de\/blog\/wp-content\/uploads\/2021\/12\/kubulus_blog_planen_randgestaltung_titelbild_800x533.jpg","datePublished":"2025-10-24T19:41:32+00:00","dateModified":"2026-01-19T19:52:00+00:00","description":"Eine Plane mit Keder, eine Abdeckplane mit \u00d6sen oder lieber eine andere Randgestaltung? Wir zeigen Ihnen, wie Sie Ihre Plane befestigen.","breadcrumb":{"@id":"https:\/\/www.planen-netze-beutel.de\/blog\/plane-befestigen-welche-randgestaltung-ist-die-richtige\/#breadcrumb"},"inLanguage":"de","potentialAction":[{"@type":"ReadAction","target":["https:\/\/www.planen-netze-beutel.de\/blog\/plane-befestigen-welche-randgestaltung-ist-die-richtige\/"]}]},{"@type":"ImageObject","inLanguage":"de","@id":"https:\/\/www.planen-netze-beutel.de\/blog\/plane-befestigen-welche-randgestaltung-ist-die-richtige\/#primaryimage","url":"https:\/\/www.planen-netze-beutel.de\/blog\/wp-content\/uploads\/2021\/12\/kubulus_blog_planen_randgestaltung_titelbild_800x533.jpg","contentUrl":"https:\/\/www.planen-netze-beutel.de\/blog\/wp-content\/uploads\/2021\/12\/kubulus_blog_planen_randgestaltung_titelbild_800x533.jpg","width":800,"height":533,"caption":"Die richtige Randgestaltung f\u00fcr Ihre Plane."},{"@type":"BreadcrumbList","@id":"https:\/\/www.planen-netze-beutel.de\/blog\/plane-befestigen-welche-randgestaltung-ist-die-richtige\/#breadcrumb","itemListElement":[{"@type":"ListItem","position":1,"name":"Startseite","item":"https:\/\/www.planen-netze-beutel.de\/blog\/"},{"@type":"ListItem","position":2,"name":"Plane befestigen \u2013 Welche Randgestaltung ist die richtige?"}]},{"@type":"WebSite","@id":"https:\/\/www.planen-netze-beutel.de\/blog\/#website","url":"https:\/\/www.planen-netze-beutel.de\/blog\/","name":"Ihr Experten-Blog rund um Planen, Netze und Beutel | KUBULUS","description":"Entdecken Sie im KUBULUS Blog praktische Anwendungstipps und Tutorials sowie Experten-Ratschl\u00e4ge rund um unsere Produkte und Materialien.","publisher":{"@id":"https:\/\/www.planen-netze-beutel.de\/blog\/#organization"},"potentialAction":[{"@type":"SearchAction","target":{"@type":"EntryPoint","urlTemplate":"https:\/\/www.planen-netze-beutel.de\/blog\/?s={search_term_string}"},"query-input":{"@type":"PropertyValueSpecification","valueRequired":true,"valueName":"search_term_string"}}],"inLanguage":"de"},{"@type":"Organization","@id":"https:\/\/www.planen-netze-beutel.de\/blog\/#organization","name":"Kubulus","url":"https:\/\/www.planen-netze-beutel.de\/blog\/","logo":{"@type":"ImageObject","inLanguage":"de","@id":"https:\/\/www.planen-netze-beutel.de\/blog\/#\/schema\/logo\/image\/","url":"https:\/\/www.planen-netze-beutel.de\/blog\/wp-content\/uploads\/2021\/06\/Kub-120.png","contentUrl":"https:\/\/www.planen-netze-beutel.de\/blog\/wp-content\/uploads\/2021\/06\/Kub-120.png","width":120,"height":30,"caption":"Kubulus"},"image":{"@id":"https:\/\/www.planen-netze-beutel.de\/blog\/#\/schema\/logo\/image\/"},"sameAs":["https:\/\/www.facebook.com\/planen.netze.beutel","https:\/\/www.youtube.com\/channel\/UCcbseL_unJh_3F-gVFHC0rQ"]},{"@type":"Person","@id":"https:\/\/www.planen-netze-beutel.de\/blog\/#\/schema\/person\/ee3f547e0be638d3af0b88f7e275127a","name":"Silke M\u00fcnster","image":{"@type":"ImageObject","inLanguage":"de","@id":"https:\/\/secure.gravatar.com\/avatar\/a1b3681fdbee86020820317bef6cf73e20e4e6c68259048e2c682611a049784e?s=96&d=mm&r=g","url":"https:\/\/secure.gravatar.com\/avatar\/a1b3681fdbee86020820317bef6cf73e20e4e6c68259048e2c682611a049784e?s=96&d=mm&r=g","contentUrl":"https:\/\/secure.gravatar.com\/avatar\/a1b3681fdbee86020820317bef6cf73e20e4e6c68259048e2c682611a049784e?s=96&d=mm&r=g","caption":"Silke M\u00fcnster"}}]}},"_links":{"self":[{"href":"https:\/\/www.planen-netze-beutel.de\/blog\/wp-json\/wp\/v2\/posts\/971","targetHints":{"allow":["GET"]}}],"collection":[{"href":"https:\/\/www.planen-netze-beutel.de\/blog\/wp-json\/wp\/v2\/posts"}],"about":[{"href":"https:\/\/www.planen-netze-beutel.de\/blog\/wp-json\/wp\/v2\/types\/post"}],"author":[{"embeddable":true,"href":"https:\/\/www.planen-netze-beutel.de\/blog\/wp-json\/wp\/v2\/users\/4"}],"replies":[{"embeddable":true,"href":"https:\/\/www.planen-netze-beutel.de\/blog\/wp-json\/wp\/v2\/comments?post=971"}],"version-history":[{"count":21,"href":"https:\/\/www.planen-netze-beutel.de\/blog\/wp-json\/wp\/v2\/posts\/971\/revisions"}],"predecessor-version":[{"id":2180,"href":"https:\/\/www.planen-netze-beutel.de\/blog\/wp-json\/wp\/v2\/posts\/971\/revisions\/2180"}],"wp:featuredmedia":[{"embeddable":true,"href":"https:\/\/www.planen-netze-beutel.de\/blog\/wp-json\/wp\/v2\/media\/972"}],"wp:attachment":[{"href":"https:\/\/www.planen-netze-beutel.de\/blog\/wp-json\/wp\/v2\/media?parent=971"}],"wp:term":[{"taxonomy":"category","embeddable":true,"href":"https:\/\/www.planen-netze-beutel.de\/blog\/wp-json\/wp\/v2\/categories?post=971"},{"taxonomy":"post_tag","embeddable":true,"href":"https:\/\/www.planen-netze-beutel.de\/blog\/wp-json\/wp\/v2\/tags?post=971"}],"curies":[{"name":"wp","href":"https:\/\/api.w.org\/{rel}","templated":true}]}}